
{"id":6806,"date":"2018-12-03T14:39:20","date_gmt":"2018-12-03T14:39:20","guid":{"rendered":"https:\/\/www.immersive-rh.com\/2018\/12\/03\/invitation-a-la-soiree-fabrique-de-lavenir-du11-decembre-2018\/"},"modified":"2018-12-03T14:39:20","modified_gmt":"2018-12-03T14:39:20","slug":"invitation-a-la-soiree-fabrique-de-lavenir-du11-decembre-2018","status":"publish","type":"post","link":"https:\/\/www.immersive-rh.com\/en\/2018\/12\/03\/invitation-a-la-soiree-fabrique-de-lavenir-du11-decembre-2018\/","title":{"rendered":"Invitation \u00e0 la soir\u00e9e \u201cFabrique de l\u2019avenir\u201d du 11 d\u00e9cembre 2018"},"content":{"rendered":"","protected":false},"excerpt":{"rendered":"<p>Soir\u00e9e la fabrique de l&#8217;avenir &#8211; Quelles technologies innovantes pour la formation professionnelle ? Participez \u00e0 l&#8217;\u00e9v\u00e9nements.<\/p>\n","protected":false},"author":3,"featured_media":5939,"comment_status":"closed","ping_status":"closed","sticky":false,"template":"","format":"standard","meta":{"content-type":"","footnotes":""},"categories":[164],"tags":[],"class_list":["post-6806","post","type-post","status-publish","format-standard","has-post-thumbnail","hentry","category-events-en"],"yoast_head":"<!-- This site is optimized with the Yoast SEO plugin v27.3 - https:\/\/yoast.com\/product\/yoast-seo-wordpress\/ -->\n<title>IMMERSIVE RH - Invitation \u00e0 la soir\u00e9e \u201cFabrique de l\u2019avenir\u201d du 11 d\u00e9cembre 2018<\/title>\n<meta name=\"description\" content=\"Soir\u00e9e la fabrique de l&#039;avenir - Quelles technologies innovantes pour la formation professionnelle ?\" \/>\n<meta name=\"robots\" content=\"index, follow, max-snippet:-1, max-image-preview:large, max-video-preview:-1\" \/>\n<link rel=\"canonical\" href=\"https:\/\/www.immersive-rh.com\/en\/2018\/12\/03\/invitation-a-la-soiree-fabrique-de-lavenir-du11-decembre-2018\/\" \/>\n<meta property=\"og:locale\" content=\"en_US\" \/>\n<meta property=\"og:type\" content=\"article\" \/>\n<meta property=\"og:title\" content=\"IMMERSIVE RH - Invitation \u00e0 la soir\u00e9e \u201cFabrique de l\u2019avenir\u201d du 11 d\u00e9cembre 2018\" \/>\n<meta property=\"og:description\" content=\"Soir\u00e9e la fabrique de l&#039;avenir - Quelles technologies innovantes pour la formation professionnelle ?\" \/>\n<meta property=\"og:url\" content=\"https:\/\/www.immersive-rh.com\/en\/2018\/12\/03\/invitation-a-la-soiree-fabrique-de-lavenir-du11-decembre-2018\/\" \/>\n<meta property=\"og:site_name\" content=\"IMMERSIVE RH\" \/>\n<meta property=\"article:published_time\" content=\"2018-12-03T14:39:20+00:00\" \/>\n<meta property=\"og:image\" content=\"https:\/\/www.immersive-rh.com\/wp-content\/uploads\/2021\/04\/INVITATION-SOIREE-FABRIQUE-DE-LAVENIR-11.12.18.jpg\" \/>\n\t<meta property=\"og:image:width\" content=\"1224\" \/>\n\t<meta property=\"og:image:height\" content=\"1583\" \/>\n\t<meta property=\"og:image:type\" content=\"image\/jpeg\" \/>\n<meta name=\"author\" content=\"CHANIET Sarah\" \/>\n<meta name=\"twitter:card\" content=\"summary_large_image\" \/>\n<meta name=\"twitter:label1\" content=\"Written by\" \/>\n\t<meta name=\"twitter:data1\" content=\"CHANIET Sarah\" \/>\n<script type=\"application\/ld+json\" class=\"yoast-schema-graph\">{\"@context\":\"https:\\\/\\\/schema.org\",\"@graph\":[{\"@type\":\"Article\",\"@id\":\"https:\\\/\\\/www.immersive-rh.com\\\/en\\\/2018\\\/12\\\/03\\\/invitation-a-la-soiree-fabrique-de-lavenir-du11-decembre-2018\\\/#article\",\"isPartOf\":{\"@id\":\"https:\\\/\\\/www.immersive-rh.com\\\/en\\\/2018\\\/12\\\/03\\\/invitation-a-la-soiree-fabrique-de-lavenir-du11-decembre-2018\\\/\"},\"author\":{\"name\":\"CHANIET Sarah\",\"@id\":\"https:\\\/\\\/www.immersive-rh.com\\\/en\\\/#\\\/schema\\\/person\\\/50d65c9f734059b0cdc01a9b9d762e57\"},\"headline\":\"Invitation \u00e0 la soir\u00e9e \u201cFabrique de l\u2019avenir\u201d du 11 d\u00e9cembre 2018\",\"datePublished\":\"2018-12-03T14:39:20+00:00\",\"mainEntityOfPage\":{\"@id\":\"https:\\\/\\\/www.immersive-rh.com\\\/en\\\/2018\\\/12\\\/03\\\/invitation-a-la-soiree-fabrique-de-lavenir-du11-decembre-2018\\\/\"},\"wordCount\":11,\"publisher\":{\"@id\":\"https:\\\/\\\/www.immersive-rh.com\\\/en\\\/#organization\"},\"image\":{\"@id\":\"https:\\\/\\\/www.immersive-rh.com\\\/en\\\/2018\\\/12\\\/03\\\/invitation-a-la-soiree-fabrique-de-lavenir-du11-decembre-2018\\\/#primaryimage\"},\"thumbnailUrl\":\"https:\\\/\\\/www.immersive-rh.com\\\/wp-content\\\/uploads\\\/2021\\\/04\\\/INVITATION-SOIREE-FABRIQUE-DE-LAVENIR-11.12.18.jpg\",\"articleSection\":[\"Events\"],\"inLanguage\":\"en-US\"},{\"@type\":\"WebPage\",\"@id\":\"https:\\\/\\\/www.immersive-rh.com\\\/en\\\/2018\\\/12\\\/03\\\/invitation-a-la-soiree-fabrique-de-lavenir-du11-decembre-2018\\\/\",\"url\":\"https:\\\/\\\/www.immersive-rh.com\\\/en\\\/2018\\\/12\\\/03\\\/invitation-a-la-soiree-fabrique-de-lavenir-du11-decembre-2018\\\/\",\"name\":\"IMMERSIVE RH - Invitation \u00e0 la soir\u00e9e \u201cFabrique de l\u2019avenir\u201d du 11 d\u00e9cembre 2018\",\"isPartOf\":{\"@id\":\"https:\\\/\\\/www.immersive-rh.com\\\/en\\\/#website\"},\"primaryImageOfPage\":{\"@id\":\"https:\\\/\\\/www.immersive-rh.com\\\/en\\\/2018\\\/12\\\/03\\\/invitation-a-la-soiree-fabrique-de-lavenir-du11-decembre-2018\\\/#primaryimage\"},\"image\":{\"@id\":\"https:\\\/\\\/www.immersive-rh.com\\\/en\\\/2018\\\/12\\\/03\\\/invitation-a-la-soiree-fabrique-de-lavenir-du11-decembre-2018\\\/#primaryimage\"},\"thumbnailUrl\":\"https:\\\/\\\/www.immersive-rh.com\\\/wp-content\\\/uploads\\\/2021\\\/04\\\/INVITATION-SOIREE-FABRIQUE-DE-LAVENIR-11.12.18.jpg\",\"datePublished\":\"2018-12-03T14:39:20+00:00\",\"description\":\"Soir\u00e9e la fabrique de l'avenir - Quelles technologies innovantes pour la formation professionnelle ?\",\"breadcrumb\":{\"@id\":\"https:\\\/\\\/www.immersive-rh.com\\\/en\\\/2018\\\/12\\\/03\\\/invitation-a-la-soiree-fabrique-de-lavenir-du11-decembre-2018\\\/#breadcrumb\"},\"inLanguage\":\"en-US\",\"potentialAction\":[{\"@type\":\"ReadAction\",\"target\":[\"https:\\\/\\\/www.immersive-rh.com\\\/en\\\/2018\\\/12\\\/03\\\/invitation-a-la-soiree-fabrique-de-lavenir-du11-decembre-2018\\\/\"]}]},{\"@type\":\"ImageObject\",\"inLanguage\":\"en-US\",\"@id\":\"https:\\\/\\\/www.immersive-rh.com\\\/en\\\/2018\\\/12\\\/03\\\/invitation-a-la-soiree-fabrique-de-lavenir-du11-decembre-2018\\\/#primaryimage\",\"url\":\"https:\\\/\\\/www.immersive-rh.com\\\/wp-content\\\/uploads\\\/2021\\\/04\\\/INVITATION-SOIREE-FABRIQUE-DE-LAVENIR-11.12.18.jpg\",\"contentUrl\":\"https:\\\/\\\/www.immersive-rh.com\\\/wp-content\\\/uploads\\\/2021\\\/04\\\/INVITATION-SOIREE-FABRIQUE-DE-LAVENIR-11.12.18.jpg\",\"width\":1224,\"height\":1583},{\"@type\":\"BreadcrumbList\",\"@id\":\"https:\\\/\\\/www.immersive-rh.com\\\/en\\\/2018\\\/12\\\/03\\\/invitation-a-la-soiree-fabrique-de-lavenir-du11-decembre-2018\\\/#breadcrumb\",\"itemListElement\":[{\"@type\":\"ListItem\",\"position\":1,\"name\":\"Accueil\",\"item\":\"https:\\\/\\\/www.immersive-rh.com\\\/en\\\/\"},{\"@type\":\"ListItem\",\"position\":2,\"name\":\"Events\",\"item\":\"https:\\\/\\\/www.immersive-rh.com\\\/en\\\/category\\\/events-en\\\/\"},{\"@type\":\"ListItem\",\"position\":3,\"name\":\"Invitation \u00e0 la soir\u00e9e \u201cFabrique de l\u2019avenir\u201d du 11 d\u00e9cembre 2018\"}]},{\"@type\":\"WebSite\",\"@id\":\"https:\\\/\\\/www.immersive-rh.com\\\/en\\\/#website\",\"url\":\"https:\\\/\\\/www.immersive-rh.com\\\/en\\\/\",\"name\":\"IMMERSIVE RH\",\"description\":\"Cr\u00e9ateur de solutions de formation professionnelle en VR\",\"publisher\":{\"@id\":\"https:\\\/\\\/www.immersive-rh.com\\\/en\\\/#organization\"},\"potentialAction\":[{\"@type\":\"SearchAction\",\"target\":{\"@type\":\"EntryPoint\",\"urlTemplate\":\"https:\\\/\\\/www.immersive-rh.com\\\/en\\\/?s={search_term_string}\"},\"query-input\":{\"@type\":\"PropertyValueSpecification\",\"valueRequired\":true,\"valueName\":\"search_term_string\"}}],\"inLanguage\":\"en-US\"},{\"@type\":\"Organization\",\"@id\":\"https:\\\/\\\/www.immersive-rh.com\\\/en\\\/#organization\",\"name\":\"IMMERSIVE RH\",\"url\":\"https:\\\/\\\/www.immersive-rh.com\\\/en\\\/\",\"logo\":{\"@type\":\"ImageObject\",\"inLanguage\":\"en-US\",\"@id\":\"https:\\\/\\\/www.immersive-rh.com\\\/en\\\/#\\\/schema\\\/logo\\\/image\\\/\",\"url\":\"https:\\\/\\\/www.immersive-rh.com\\\/wp-content\\\/uploads\\\/2025\\\/01\\\/Logo-IMMERSIVE.RH_.png\",\"contentUrl\":\"https:\\\/\\\/www.immersive-rh.com\\\/wp-content\\\/uploads\\\/2025\\\/01\\\/Logo-IMMERSIVE.RH_.png\",\"width\":372,\"height\":312,\"caption\":\"IMMERSIVE RH\"},\"image\":{\"@id\":\"https:\\\/\\\/www.immersive-rh.com\\\/en\\\/#\\\/schema\\\/logo\\\/image\\\/\"}},{\"@type\":\"Person\",\"@id\":\"https:\\\/\\\/www.immersive-rh.com\\\/en\\\/#\\\/schema\\\/person\\\/50d65c9f734059b0cdc01a9b9d762e57\",\"name\":\"CHANIET Sarah\",\"image\":{\"@type\":\"ImageObject\",\"inLanguage\":\"en-US\",\"@id\":\"https:\\\/\\\/secure.gravatar.com\\\/avatar\\\/018bfde361008d7b53379fcc31b1a68ba8da3a7c119d24e17771c7560c62d5e0?s=96&d=mm&r=g\",\"url\":\"https:\\\/\\\/secure.gravatar.com\\\/avatar\\\/018bfde361008d7b53379fcc31b1a68ba8da3a7c119d24e17771c7560c62d5e0?s=96&d=mm&r=g\",\"contentUrl\":\"https:\\\/\\\/secure.gravatar.com\\\/avatar\\\/018bfde361008d7b53379fcc31b1a68ba8da3a7c119d24e17771c7560c62d5e0?s=96&d=mm&r=g\",\"caption\":\"CHANIET Sarah\"},\"url\":\"https:\\\/\\\/www.immersive-rh.com\\\/en\\\/\"}]}<\/script>\n<!-- \/ Yoast SEO plugin. -->","yoast_head_json":{"title":"IMMERSIVE RH - Invitation \u00e0 la soir\u00e9e \u201cFabrique de l\u2019avenir\u201d du 11 d\u00e9cembre 2018","description":"Soir\u00e9e la fabrique de l'avenir - Quelles technologies innovantes pour la formation professionnelle ?","robots":{"index":"index","follow":"follow","max-snippet":"max-snippet:-1","max-image-preview":"max-image-preview:large","max-video-preview":"max-video-preview:-1"},"canonical":"https:\/\/www.immersive-rh.com\/en\/2018\/12\/03\/invitation-a-la-soiree-fabrique-de-lavenir-du11-decembre-2018\/","og_locale":"en_US","og_type":"article","og_title":"IMMERSIVE RH - Invitation \u00e0 la soir\u00e9e \u201cFabrique de l\u2019avenir\u201d du 11 d\u00e9cembre 2018","og_description":"Soir\u00e9e la fabrique de l'avenir - Quelles technologies innovantes pour la formation professionnelle ?","og_url":"https:\/\/www.immersive-rh.com\/en\/2018\/12\/03\/invitation-a-la-soiree-fabrique-de-lavenir-du11-decembre-2018\/","og_site_name":"IMMERSIVE RH","article_published_time":"2018-12-03T14:39:20+00:00","og_image":[{"width":1224,"height":1583,"url":"https:\/\/www.immersive-rh.com\/wp-content\/uploads\/2021\/04\/INVITATION-SOIREE-FABRIQUE-DE-LAVENIR-11.12.18.jpg","type":"image\/jpeg"}],"author":"CHANIET Sarah","twitter_card":"summary_large_image","twitter_misc":{"Written by":"CHANIET Sarah"},"schema":{"@context":"https:\/\/schema.org","@graph":[{"@type":"Article","@id":"https:\/\/www.immersive-rh.com\/en\/2018\/12\/03\/invitation-a-la-soiree-fabrique-de-lavenir-du11-decembre-2018\/#article","isPartOf":{"@id":"https:\/\/www.immersive-rh.com\/en\/2018\/12\/03\/invitation-a-la-soiree-fabrique-de-lavenir-du11-decembre-2018\/"},"author":{"name":"CHANIET Sarah","@id":"https:\/\/www.immersive-rh.com\/en\/#\/schema\/person\/50d65c9f734059b0cdc01a9b9d762e57"},"headline":"Invitation \u00e0 la soir\u00e9e \u201cFabrique de l\u2019avenir\u201d du 11 d\u00e9cembre 2018","datePublished":"2018-12-03T14:39:20+00:00","mainEntityOfPage":{"@id":"https:\/\/www.immersive-rh.com\/en\/2018\/12\/03\/invitation-a-la-soiree-fabrique-de-lavenir-du11-decembre-2018\/"},"wordCount":11,"publisher":{"@id":"https:\/\/www.immersive-rh.com\/en\/#organization"},"image":{"@id":"https:\/\/www.immersive-rh.com\/en\/2018\/12\/03\/invitation-a-la-soiree-fabrique-de-lavenir-du11-decembre-2018\/#primaryimage"},"thumbnailUrl":"https:\/\/www.immersive-rh.com\/wp-content\/uploads\/2021\/04\/INVITATION-SOIREE-FABRIQUE-DE-LAVENIR-11.12.18.jpg","articleSection":["Events"],"inLanguage":"en-US"},{"@type":"WebPage","@id":"https:\/\/www.immersive-rh.com\/en\/2018\/12\/03\/invitation-a-la-soiree-fabrique-de-lavenir-du11-decembre-2018\/","url":"https:\/\/www.immersive-rh.com\/en\/2018\/12\/03\/invitation-a-la-soiree-fabrique-de-lavenir-du11-decembre-2018\/","name":"IMMERSIVE RH - Invitation \u00e0 la soir\u00e9e \u201cFabrique de l\u2019avenir\u201d du 11 d\u00e9cembre 2018","isPartOf":{"@id":"https:\/\/www.immersive-rh.com\/en\/#website"},"primaryImageOfPage":{"@id":"https:\/\/www.immersive-rh.com\/en\/2018\/12\/03\/invitation-a-la-soiree-fabrique-de-lavenir-du11-decembre-2018\/#primaryimage"},"image":{"@id":"https:\/\/www.immersive-rh.com\/en\/2018\/12\/03\/invitation-a-la-soiree-fabrique-de-lavenir-du11-decembre-2018\/#primaryimage"},"thumbnailUrl":"https:\/\/www.immersive-rh.com\/wp-content\/uploads\/2021\/04\/INVITATION-SOIREE-FABRIQUE-DE-LAVENIR-11.12.18.jpg","datePublished":"2018-12-03T14:39:20+00:00","description":"Soir\u00e9e la fabrique de l'avenir - Quelles technologies innovantes pour la formation professionnelle ?","breadcrumb":{"@id":"https:\/\/www.immersive-rh.com\/en\/2018\/12\/03\/invitation-a-la-soiree-fabrique-de-lavenir-du11-decembre-2018\/#breadcrumb"},"inLanguage":"en-US","potentialAction":[{"@type":"ReadAction","target":["https:\/\/www.immersive-rh.com\/en\/2018\/12\/03\/invitation-a-la-soiree-fabrique-de-lavenir-du11-decembre-2018\/"]}]},{"@type":"ImageObject","inLanguage":"en-US","@id":"https:\/\/www.immersive-rh.com\/en\/2018\/12\/03\/invitation-a-la-soiree-fabrique-de-lavenir-du11-decembre-2018\/#primaryimage","url":"https:\/\/www.immersive-rh.com\/wp-content\/uploads\/2021\/04\/INVITATION-SOIREE-FABRIQUE-DE-LAVENIR-11.12.18.jpg","contentUrl":"https:\/\/www.immersive-rh.com\/wp-content\/uploads\/2021\/04\/INVITATION-SOIREE-FABRIQUE-DE-LAVENIR-11.12.18.jpg","width":1224,"height":1583},{"@type":"BreadcrumbList","@id":"https:\/\/www.immersive-rh.com\/en\/2018\/12\/03\/invitation-a-la-soiree-fabrique-de-lavenir-du11-decembre-2018\/#breadcrumb","itemListElement":[{"@type":"ListItem","position":1,"name":"Accueil","item":"https:\/\/www.immersive-rh.com\/en\/"},{"@type":"ListItem","position":2,"name":"Events","item":"https:\/\/www.immersive-rh.com\/en\/category\/events-en\/"},{"@type":"ListItem","position":3,"name":"Invitation \u00e0 la soir\u00e9e \u201cFabrique de l\u2019avenir\u201d du 11 d\u00e9cembre 2018"}]},{"@type":"WebSite","@id":"https:\/\/www.immersive-rh.com\/en\/#website","url":"https:\/\/www.immersive-rh.com\/en\/","name":"IMMERSIVE RH","description":"Cr\u00e9ateur de solutions de formation professionnelle en VR","publisher":{"@id":"https:\/\/www.immersive-rh.com\/en\/#organization"},"potentialAction":[{"@type":"SearchAction","target":{"@type":"EntryPoint","urlTemplate":"https:\/\/www.immersive-rh.com\/en\/?s={search_term_string}"},"query-input":{"@type":"PropertyValueSpecification","valueRequired":true,"valueName":"search_term_string"}}],"inLanguage":"en-US"},{"@type":"Organization","@id":"https:\/\/www.immersive-rh.com\/en\/#organization","name":"IMMERSIVE RH","url":"https:\/\/www.immersive-rh.com\/en\/","logo":{"@type":"ImageObject","inLanguage":"en-US","@id":"https:\/\/www.immersive-rh.com\/en\/#\/schema\/logo\/image\/","url":"https:\/\/www.immersive-rh.com\/wp-content\/uploads\/2025\/01\/Logo-IMMERSIVE.RH_.png","contentUrl":"https:\/\/www.immersive-rh.com\/wp-content\/uploads\/2025\/01\/Logo-IMMERSIVE.RH_.png","width":372,"height":312,"caption":"IMMERSIVE RH"},"image":{"@id":"https:\/\/www.immersive-rh.com\/en\/#\/schema\/logo\/image\/"}},{"@type":"Person","@id":"https:\/\/www.immersive-rh.com\/en\/#\/schema\/person\/50d65c9f734059b0cdc01a9b9d762e57","name":"CHANIET Sarah","image":{"@type":"ImageObject","inLanguage":"en-US","@id":"https:\/\/secure.gravatar.com\/avatar\/018bfde361008d7b53379fcc31b1a68ba8da3a7c119d24e17771c7560c62d5e0?s=96&d=mm&r=g","url":"https:\/\/secure.gravatar.com\/avatar\/018bfde361008d7b53379fcc31b1a68ba8da3a7c119d24e17771c7560c62d5e0?s=96&d=mm&r=g","contentUrl":"https:\/\/secure.gravatar.com\/avatar\/018bfde361008d7b53379fcc31b1a68ba8da3a7c119d24e17771c7560c62d5e0?s=96&d=mm&r=g","caption":"CHANIET Sarah"},"url":"https:\/\/www.immersive-rh.com\/en\/"}]}},"_links":{"self":[{"href":"https:\/\/www.immersive-rh.com\/en\/wp-json\/wp\/v2\/posts\/6806","targetHints":{"allow":["GET"]}}],"collection":[{"href":"https:\/\/www.immersive-rh.com\/en\/wp-json\/wp\/v2\/posts"}],"about":[{"href":"https:\/\/www.immersive-rh.com\/en\/wp-json\/wp\/v2\/types\/post"}],"author":[{"embeddable":true,"href":"https:\/\/www.immersive-rh.com\/en\/wp-json\/wp\/v2\/users\/3"}],"replies":[{"embeddable":true,"href":"https:\/\/www.immersive-rh.com\/en\/wp-json\/wp\/v2\/comments?post=6806"}],"version-history":[{"count":0,"href":"https:\/\/www.immersive-rh.com\/en\/wp-json\/wp\/v2\/posts\/6806\/revisions"}],"wp:featuredmedia":[{"embeddable":true,"href":"https:\/\/www.immersive-rh.com\/en\/wp-json\/wp\/v2\/media\/5939"}],"wp:attachment":[{"href":"https:\/\/www.immersive-rh.com\/en\/wp-json\/wp\/v2\/media?parent=6806"}],"wp:term":[{"taxonomy":"category","embeddable":true,"href":"https:\/\/www.immersive-rh.com\/en\/wp-json\/wp\/v2\/categories?post=6806"},{"taxonomy":"post_tag","embeddable":true,"href":"https:\/\/www.immersive-rh.com\/en\/wp-json\/wp\/v2\/tags?post=6806"}],"curies":[{"name":"wp","href":"https:\/\/api.w.org\/{rel}","templated":true}]}}